{"id":181,"date":"2025-03-20T23:09:15","date_gmt":"2025-03-20T23:09:15","guid":{"rendered":"https:\/\/www.atlixco.com\/home\/?p=181"},"modified":"2025-03-20T23:09:15","modified_gmt":"2025-03-20T23:09:15","slug":"belinda-regresa-a-puebla-ahora-graba-videoclip-en-calles-de-atlixco","status":"publish","type":"post","link":"https:\/\/www.atlixco.com\/home\/2025\/03\/20\/belinda-regresa-a-puebla-ahora-graba-videoclip-en-calles-de-atlixco\/","title":{"rendered":"Belinda regresa a Puebla, ahora graba videoclip en calles de Atlixco"},"content":{"rendered":"<p data-start=\"0\" data-end=\"347\">La cantante y actriz Belinda caus\u00f3 gran revuelo entre los habitantes de Atlixco al realizar grabaciones en varios de los rincones m\u00e1s emblem\u00e1ticos del Pueblo M\u00e1gico. Esta filmaci\u00f3n forma parte de un videoclip que tiene como objetivo resaltar la belleza de los destinos tur\u00edsticos del estado de Puebla, destacando sus paisajes y arquitectura \u00fanica.<\/p>\n<p data-start=\"349\" data-end=\"712\">La presencia de Belinda gener\u00f3 una gran expectaci\u00f3n entre sus seguidores, quienes se agolparon en el Z\u00f3calo para poder verla de cerca. Durante la grabaci\u00f3n, la artista recorri\u00f3 el coraz\u00f3n de la ciudad, disfrut\u00f3 de una deliciosa nieve tradicional y pos\u00f3 encantada para las c\u00e1maras, rodeada de la majestuosidad de la arquitectura colonial que caracteriza a Atlixco.<\/p>\n<p data-start=\"714\" data-end=\"985\">Aunque el Z\u00f3calo fue el principal escenario, se rumorea que otros lugares destacados de la ciudad tambi\u00e9n podr\u00edan formar parte del videoclip, como el mirador de cristal e incluso la Plazuela de la Danza o las Escaleras Anchas, aunque esto \u00faltimo a\u00fan est\u00e1 por confirmarse.<\/p>\n<p data-start=\"987\" data-end=\"1341\" data-is-last-node=\"\" data-is-only-node=\"\">Para asegurar que la filmaci\u00f3n se desarrollara sin contratiempos, las autoridades municipales implementaron un operativo de seguridad y vialidad, restringiendo temporalmente el acceso al primer cuadro de la ciudad. Durante alrededor de una hora, el equipo de producci\u00f3n se dedic\u00f3 a capturar las escenas que pronto veremos en el nuevo material de Belinda.<\/p>\n","protected":false},"excerpt":{"rendered":"<p>La cantante y actriz Belinda caus\u00f3 gran revuelo entre los habitantes de Atlixco al realizar grabaciones en varios de los rincones m\u00e1s emblem\u00e1ticos del Pueblo M\u00e1gico. Esta filmaci\u00f3n forma parte de un videoclip que tiene como objetivo resaltar la belleza de los destinos tur\u00edsticos del estado de Puebla, destacando sus paisajes y arquitectura \u00fanica. La [&hellip;]<\/p>\n","protected":false},"author":3,"featured_media":182,"comment_status":"open","ping_status":"open","sticky":false,"template":"","format":"standard","meta":{"footnotes":""},"categories":[5],"tags":[],"class_list":["post-181","post","type-post","status-publish","format-standard","has-post-thumbnail","hentry","category-noticias"],"jetpack_featured_media_url":"https:\/\/www.atlixco.com\/home\/wp-content\/uploads\/2025\/03\/belinda.jpg","_links":{"self":[{"href":"https:\/\/www.atlixco.com\/home\/wp-json\/wp\/v2\/posts\/181","targetHints":{"allow":["GET"]}}],"collection":[{"href":"https:\/\/www.atlixco.com\/home\/wp-json\/wp\/v2\/posts"}],"about":[{"href":"https:\/\/www.atlixco.com\/home\/wp-json\/wp\/v2\/types\/post"}],"author":[{"embeddable":true,"href":"https:\/\/www.atlixco.com\/home\/wp-json\/wp\/v2\/users\/3"}],"replies":[{"embeddable":true,"href":"https:\/\/www.atlixco.com\/home\/wp-json\/wp\/v2\/comments?post=181"}],"version-history":[{"count":1,"href":"https:\/\/www.atlixco.com\/home\/wp-json\/wp\/v2\/posts\/181\/revisions"}],"predecessor-version":[{"id":183,"href":"https:\/\/www.atlixco.com\/home\/wp-json\/wp\/v2\/posts\/181\/revisions\/183"}],"wp:featuredmedia":[{"embeddable":true,"href":"https:\/\/www.atlixco.com\/home\/wp-json\/wp\/v2\/media\/182"}],"wp:attachment":[{"href":"https:\/\/www.atlixco.com\/home\/wp-json\/wp\/v2\/media?parent=181"}],"wp:term":[{"taxonomy":"category","embeddable":true,"href":"https:\/\/www.atlixco.com\/home\/wp-json\/wp\/v2\/categories?post=181"},{"taxonomy":"post_tag","embeddable":true,"href":"https:\/\/www.atlixco.com\/home\/wp-json\/wp\/v2\/tags?post=181"}],"curies":[{"name":"wp","href":"https:\/\/api.w.org\/{rel}","templated":true}]}}